{"id":6112,"date":"2023-02-02T00:33:54","date_gmt":"2023-02-02T00:33:54","guid":{"rendered":"https:\/\/can.mirex.gob.do\/consular\/montreal\/?p=6112"},"modified":"2023-02-13T15:04:21","modified_gmt":"2023-02-13T15:04:21","slug":"mirex-recibe-a-madres-de-dominicanos-fallecidos-en-colombia","status":"publish","type":"post","link":"https:\/\/can.mirex.gob.do\/consular\/montreal\/mirex-recibe-a-madres-de-dominicanos-fallecidos-en-colombia\/","title":{"rendered":"Mirex recibe a madres de dominicanos fallecidos en Colombia"},"content":{"rendered":"<p>En seguimiento al caso de los dos dominicanos menores de edad que murieron de manera tr\u00e1gica durante un viaje hacia Colombia, el viceministro para Asuntos Consulares y Migratorios del #MIREXRD, Opinio D\u00edaz, recibi\u00f3 en su despacho a las madres de ambas v\u00edctimas.<\/p>\n<p>&nbsp;<\/p>\n<p>El encuentro se produjo luego de que las se\u00f1oras acudieran al Instituto Nacional de Ciencias Forenses (INACIF), donde le tomaron las muestras de ADN que se enviar\u00e1n a las autoridades colombianas para continuar el proceso de repatriaci\u00f3n de los restos, tr\u00e1mite que ser\u00e1 costeado por este Ministerio.<\/p>\n<p>&nbsp;<\/p>\n<p>Durante esta reuni\u00f3n, en nombre del presidente Luis Abinader y el canciller Roberto \u00c1lvarez, el viceministro D\u00edaz expres\u00f3 las condolencias a estas madres por su lamentable p\u00e9rdida y les reiter\u00f3 el apoyo del Gobierno dominicano.<\/p>\n","protected":false},"excerpt":{"rendered":"<p>En seguimiento al caso de los dos dominicanos menores de edad que murieron de manera tr\u00e1gica durante un viaje hacia Colombia, el viceministro para Asuntos Consulares y Migratorios del #MIREXRD, Opinio D\u00edaz, recibi\u00f3 en su despacho a las madres de ambas v\u00edctimas. &nbsp; El encuentro se produjo luego de que las se\u00f1oras acudieran al Instituto [&hellip;]<\/p>\n","protected":false},"author":1,"featured_media":6114,"comment_status":"closed","ping_status":"closed","sticky":false,"template":"","format":"standard","meta":{"site-sidebar-layout":"default","site-content-layout":"default","ast-site-content-layout":"default","site-content-style":"default","site-sidebar-style":"default","ast-global-header-display":"","ast-banner-title-visibility":"","ast-main-header-display":"","ast-hfb-above-header-display":"","ast-hfb-below-header-display":"","ast-hfb-mobile-header-display":"","site-post-title":"","ast-breadcrumbs-content":"","ast-featured-img":"","footer-sml-layout":"","ast-disable-related-posts":"","theme-transparent-header-meta":"default","adv-header-id-meta":"","stick-header-meta":"","header-above-stick-meta":"","header-main-stick-meta":"","header-below-stick-meta":"","astra-migrate-meta-layouts":"default","ast-page-background-enabled":"default","ast-page-background-meta":{"desktop":{"background-color":"","background-image":"","background-repeat":"repeat","background-position":"center center","background-size":"auto","background-attachment":"scroll","background-type":"","background-media":"","overlay-type":"","overlay-color":"","overlay-opacity":"","overlay-gradient":""},"tablet":{"background-color":"","background-image":"","background-repeat":"repeat","background-position":"center center","background-size":"auto","background-attachment":"scroll","background-type":"","background-media":"","overlay-type":"","overlay-color":"","overlay-opacity":"","overlay-gradient":""},"mobile":{"background-color":"","background-image":"","background-repeat":"repeat","background-position":"center center","background-size":"auto","background-attachment":"scroll","background-type":"","background-media":"","overlay-type":"","overlay-color":"","overlay-opacity":"","overlay-gradient":""}},"ast-content-background-meta":{"desktop":{"background-color":"var(--ast-global-color-5)","background-image":"","background-repeat":"repeat","background-position":"center center","background-size":"auto","background-attachment":"scroll","background-type":"","background-media":"","overlay-type":"","overlay-color":"","overlay-opacity":"","overlay-gradient":""},"tablet":{"background-color":"var(--ast-global-color-5)","background-image":"","background-repeat":"repeat","background-position":"center center","background-size":"auto","background-attachment":"scroll","background-type":"","background-media":"","overlay-type":"","overlay-color":"","overlay-opacity":"","overlay-gradient":""},"mobile":{"background-color":"var(--ast-global-color-5)","background-image":"","background-repeat":"repeat","background-position":"center center","background-size":"auto","background-attachment":"scroll","background-type":"","background-media":"","overlay-type":"","overlay-color":"","overlay-opacity":"","overlay-gradient":""}},"footnotes":""},"categories":[5],"tags":[],"class_list":["post-6112","post","type-post","status-publish","format-standard","has-post-thumbnail","hentry","category-noticias"],"yoast_head":"<!-- This site is optimized with the Yoast SEO plugin v27.5 - https:\/\/yoast.com\/product\/yoast-seo-wordpress\/ -->\n<title>Mirex recibe a madres de dominicanos fallecidos en Colombia - Consulado General de la Rep\u00fablica Dominicana en Montreal, Canad\u00e1<\/title>\n<meta name=\"robots\" content=\"index, follow, max-snippet:-1, max-image-preview:large, max-video-preview:-1\" \/>\n<link rel=\"canonical\" href=\"https:\/\/can.mirex.gob.do\/consular\/montreal\/mirex-recibe-a-madres-de-dominicanos-fallecidos-en-colombia\/\" \/>\n<meta property=\"og:locale\" content=\"en_US\" \/>\n<meta property=\"og:type\" content=\"article\" \/>\n<meta property=\"og:title\" content=\"Mirex recibe a madres de dominicanos fallecidos en Colombia - Consulado General de la Rep\u00fablica Dominicana en Montreal, Canad\u00e1\" \/>\n<meta property=\"og:description\" content=\"En seguimiento al caso de los dos dominicanos menores de edad que murieron de manera tr\u00e1gica durante un viaje hacia Colombia, el viceministro para Asuntos Consulares y Migratorios del #MIREXRD, Opinio D\u00edaz, recibi\u00f3 en su despacho a las madres de ambas v\u00edctimas. &nbsp; El encuentro se produjo luego de que las se\u00f1oras acudieran al Instituto [&hellip;]\" \/>\n<meta property=\"og:url\" content=\"https:\/\/can.mirex.gob.do\/consular\/montreal\/mirex-recibe-a-madres-de-dominicanos-fallecidos-en-colombia\/\" \/>\n<meta property=\"og:site_name\" content=\"Consulado General de la Rep\u00fablica Dominicana en Montreal, Canad\u00e1\" \/>\n<meta property=\"article:published_time\" content=\"2023-02-02T00:33:54+00:00\" \/>\n<meta property=\"article:modified_time\" content=\"2023-02-13T15:04:21+00:00\" \/>\n<meta property=\"og:image\" content=\"https:\/\/can.mirex.gob.do\/consular\/montreal\/wp-content\/uploads\/2023\/02\/FDC86B43-BF4D-4E0D-B37A-F19445B2C20A-1024x379-1.jpeg\" \/>\n\t<meta property=\"og:image:width\" content=\"1024\" \/>\n\t<meta property=\"og:image:height\" content=\"379\" \/>\n\t<meta property=\"og:image:type\" content=\"image\/jpeg\" \/>\n<meta name=\"author\" content=\"etanaka\" \/>\n<meta name=\"twitter:card\" content=\"summary_large_image\" \/>\n<meta name=\"twitter:label1\" content=\"Written by\" \/>\n\t<meta name=\"twitter:data1\" content=\"etanaka\" \/>\n\t<meta name=\"twitter:label2\" content=\"Est. reading time\" \/>\n\t<meta name=\"twitter:data2\" content=\"1 minute\" \/>\n<script type=\"application\/ld+json\" class=\"yoast-schema-graph\">{\"@context\":\"https:\\\/\\\/schema.org\",\"@graph\":[{\"@type\":\"Article\",\"@id\":\"https:\\\/\\\/can.mirex.gob.do\\\/consular\\\/montreal\\\/mirex-recibe-a-madres-de-dominicanos-fallecidos-en-colombia\\\/#article\",\"isPartOf\":{\"@id\":\"https:\\\/\\\/can.mirex.gob.do\\\/consular\\\/montreal\\\/mirex-recibe-a-madres-de-dominicanos-fallecidos-en-colombia\\\/\"},\"author\":{\"name\":\"etanaka\",\"@id\":\"https:\\\/\\\/can.mirex.gob.do\\\/consular\\\/montreal\\\/#\\\/schema\\\/person\\\/775ef64f3ad1a2b7f81bf7f364008b49\"},\"headline\":\"Mirex recibe a madres de dominicanos fallecidos en Colombia\",\"datePublished\":\"2023-02-02T00:33:54+00:00\",\"dateModified\":\"2023-02-13T15:04:21+00:00\",\"mainEntityOfPage\":{\"@id\":\"https:\\\/\\\/can.mirex.gob.do\\\/consular\\\/montreal\\\/mirex-recibe-a-madres-de-dominicanos-fallecidos-en-colombia\\\/\"},\"wordCount\":145,\"publisher\":{\"@id\":\"https:\\\/\\\/can.mirex.gob.do\\\/consular\\\/montreal\\\/#organization\"},\"image\":{\"@id\":\"https:\\\/\\\/can.mirex.gob.do\\\/consular\\\/montreal\\\/mirex-recibe-a-madres-de-dominicanos-fallecidos-en-colombia\\\/#primaryimage\"},\"thumbnailUrl\":\"https:\\\/\\\/can.mirex.gob.do\\\/consular\\\/montreal\\\/wp-content\\\/uploads\\\/2023\\\/02\\\/FDC86B43-BF4D-4E0D-B37A-F19445B2C20A-1024x379-1.jpeg\",\"articleSection\":[\"Noticias\"],\"inLanguage\":\"en-US\"},{\"@type\":\"WebPage\",\"@id\":\"https:\\\/\\\/can.mirex.gob.do\\\/consular\\\/montreal\\\/mirex-recibe-a-madres-de-dominicanos-fallecidos-en-colombia\\\/\",\"url\":\"https:\\\/\\\/can.mirex.gob.do\\\/consular\\\/montreal\\\/mirex-recibe-a-madres-de-dominicanos-fallecidos-en-colombia\\\/\",\"name\":\"Mirex recibe a madres de dominicanos fallecidos en Colombia - Consulado General de la Rep\u00fablica Dominicana en Montreal, Canad\u00e1\",\"isPartOf\":{\"@id\":\"https:\\\/\\\/can.mirex.gob.do\\\/consular\\\/montreal\\\/#website\"},\"primaryImageOfPage\":{\"@id\":\"https:\\\/\\\/can.mirex.gob.do\\\/consular\\\/montreal\\\/mirex-recibe-a-madres-de-dominicanos-fallecidos-en-colombia\\\/#primaryimage\"},\"image\":{\"@id\":\"https:\\\/\\\/can.mirex.gob.do\\\/consular\\\/montreal\\\/mirex-recibe-a-madres-de-dominicanos-fallecidos-en-colombia\\\/#primaryimage\"},\"thumbnailUrl\":\"https:\\\/\\\/can.mirex.gob.do\\\/consular\\\/montreal\\\/wp-content\\\/uploads\\\/2023\\\/02\\\/FDC86B43-BF4D-4E0D-B37A-F19445B2C20A-1024x379-1.jpeg\",\"datePublished\":\"2023-02-02T00:33:54+00:00\",\"dateModified\":\"2023-02-13T15:04:21+00:00\",\"breadcrumb\":{\"@id\":\"https:\\\/\\\/can.mirex.gob.do\\\/consular\\\/montreal\\\/mirex-recibe-a-madres-de-dominicanos-fallecidos-en-colombia\\\/#breadcrumb\"},\"inLanguage\":\"en-US\",\"potentialAction\":[{\"@type\":\"ReadAction\",\"target\":[\"https:\\\/\\\/can.mirex.gob.do\\\/consular\\\/montreal\\\/mirex-recibe-a-madres-de-dominicanos-fallecidos-en-colombia\\\/\"]}]},{\"@type\":\"ImageObject\",\"inLanguage\":\"en-US\",\"@id\":\"https:\\\/\\\/can.mirex.gob.do\\\/consular\\\/montreal\\\/mirex-recibe-a-madres-de-dominicanos-fallecidos-en-colombia\\\/#primaryimage\",\"url\":\"https:\\\/\\\/can.mirex.gob.do\\\/consular\\\/montreal\\\/wp-content\\\/uploads\\\/2023\\\/02\\\/FDC86B43-BF4D-4E0D-B37A-F19445B2C20A-1024x379-1.jpeg\",\"contentUrl\":\"https:\\\/\\\/can.mirex.gob.do\\\/consular\\\/montreal\\\/wp-content\\\/uploads\\\/2023\\\/02\\\/FDC86B43-BF4D-4E0D-B37A-F19445B2C20A-1024x379-1.jpeg\",\"width\":1024,\"height\":379},{\"@type\":\"BreadcrumbList\",\"@id\":\"https:\\\/\\\/can.mirex.gob.do\\\/consular\\\/montreal\\\/mirex-recibe-a-madres-de-dominicanos-fallecidos-en-colombia\\\/#breadcrumb\",\"itemListElement\":[{\"@type\":\"ListItem\",\"position\":1,\"name\":\"Inicio\",\"item\":\"https:\\\/\\\/can.mirex.gob.do\\\/consular\\\/montreal\\\/\"},{\"@type\":\"ListItem\",\"position\":2,\"name\":\"Mirex recibe a madres de dominicanos fallecidos en Colombia\"}]},{\"@type\":\"WebSite\",\"@id\":\"https:\\\/\\\/can.mirex.gob.do\\\/consular\\\/montreal\\\/#website\",\"url\":\"https:\\\/\\\/can.mirex.gob.do\\\/consular\\\/montreal\\\/\",\"name\":\"Consulado General de la Rep\u00fablica Dominicana en Montreal, Canad\u00e1\",\"description\":\"\",\"publisher\":{\"@id\":\"https:\\\/\\\/can.mirex.gob.do\\\/consular\\\/montreal\\\/#organization\"},\"potentialAction\":[{\"@type\":\"SearchAction\",\"target\":{\"@type\":\"EntryPoint\",\"urlTemplate\":\"https:\\\/\\\/can.mirex.gob.do\\\/consular\\\/montreal\\\/?s={search_term_string}\"},\"query-input\":{\"@type\":\"PropertyValueSpecification\",\"valueRequired\":true,\"valueName\":\"search_term_string\"}}],\"inLanguage\":\"en-US\"},{\"@type\":\"Organization\",\"@id\":\"https:\\\/\\\/can.mirex.gob.do\\\/consular\\\/montreal\\\/#organization\",\"name\":\"Consulado General de la Rep\u00fablica Dominicana en Montreal, Canad\u00e1\",\"url\":\"https:\\\/\\\/can.mirex.gob.do\\\/consular\\\/montreal\\\/\",\"logo\":{\"@type\":\"ImageObject\",\"inLanguage\":\"en-US\",\"@id\":\"https:\\\/\\\/can.mirex.gob.do\\\/consular\\\/montreal\\\/#\\\/schema\\\/logo\\\/image\\\/\",\"url\":\"https:\\\/\\\/can.mirex.gob.do\\\/consular\\\/montreal\\\/wp-content\\\/uploads\\\/2022\\\/04\\\/CONSULADO-Montreal-Canada-RD-04.png\",\"contentUrl\":\"https:\\\/\\\/can.mirex.gob.do\\\/consular\\\/montreal\\\/wp-content\\\/uploads\\\/2022\\\/04\\\/CONSULADO-Montreal-Canada-RD-04.png\",\"width\":4163,\"height\":1788,\"caption\":\"Consulado General de la Rep\u00fablica Dominicana en Montreal, Canad\u00e1\"},\"image\":{\"@id\":\"https:\\\/\\\/can.mirex.gob.do\\\/consular\\\/montreal\\\/#\\\/schema\\\/logo\\\/image\\\/\"}},{\"@type\":\"Person\",\"@id\":\"https:\\\/\\\/can.mirex.gob.do\\\/consular\\\/montreal\\\/#\\\/schema\\\/person\\\/775ef64f3ad1a2b7f81bf7f364008b49\",\"name\":\"etanaka\",\"image\":{\"@type\":\"ImageObject\",\"inLanguage\":\"en-US\",\"@id\":\"https:\\\/\\\/secure.gravatar.com\\\/avatar\\\/abf4276b711ebf324ffb2e2969ae7d8232bb4192c4e0c72c537060fbe396ff16?s=96&d=mm&r=g\",\"url\":\"https:\\\/\\\/secure.gravatar.com\\\/avatar\\\/abf4276b711ebf324ffb2e2969ae7d8232bb4192c4e0c72c537060fbe396ff16?s=96&d=mm&r=g\",\"contentUrl\":\"https:\\\/\\\/secure.gravatar.com\\\/avatar\\\/abf4276b711ebf324ffb2e2969ae7d8232bb4192c4e0c72c537060fbe396ff16?s=96&d=mm&r=g\",\"caption\":\"etanaka\"},\"sameAs\":[\"https:\\\/\\\/etanaka.tk\"]}]}<\/script>\n<!-- \/ Yoast SEO plugin. -->","yoast_head_json":{"title":"Mirex recibe a madres de dominicanos fallecidos en Colombia - Consulado General de la Rep\u00fablica Dominicana en Montreal, Canad\u00e1","robots":{"index":"index","follow":"follow","max-snippet":"max-snippet:-1","max-image-preview":"max-image-preview:large","max-video-preview":"max-video-preview:-1"},"canonical":"https:\/\/can.mirex.gob.do\/consular\/montreal\/mirex-recibe-a-madres-de-dominicanos-fallecidos-en-colombia\/","og_locale":"en_US","og_type":"article","og_title":"Mirex recibe a madres de dominicanos fallecidos en Colombia - Consulado General de la Rep\u00fablica Dominicana en Montreal, Canad\u00e1","og_description":"En seguimiento al caso de los dos dominicanos menores de edad que murieron de manera tr\u00e1gica durante un viaje hacia Colombia, el viceministro para Asuntos Consulares y Migratorios del #MIREXRD, Opinio D\u00edaz, recibi\u00f3 en su despacho a las madres de ambas v\u00edctimas. &nbsp; El encuentro se produjo luego de que las se\u00f1oras acudieran al Instituto [&hellip;]","og_url":"https:\/\/can.mirex.gob.do\/consular\/montreal\/mirex-recibe-a-madres-de-dominicanos-fallecidos-en-colombia\/","og_site_name":"Consulado General de la Rep\u00fablica Dominicana en Montreal, Canad\u00e1","article_published_time":"2023-02-02T00:33:54+00:00","article_modified_time":"2023-02-13T15:04:21+00:00","og_image":[{"width":1024,"height":379,"url":"https:\/\/can.mirex.gob.do\/consular\/montreal\/wp-content\/uploads\/2023\/02\/FDC86B43-BF4D-4E0D-B37A-F19445B2C20A-1024x379-1.jpeg","type":"image\/jpeg"}],"author":"etanaka","twitter_card":"summary_large_image","twitter_misc":{"Written by":"etanaka","Est. reading time":"1 minute"},"schema":{"@context":"https:\/\/schema.org","@graph":[{"@type":"Article","@id":"https:\/\/can.mirex.gob.do\/consular\/montreal\/mirex-recibe-a-madres-de-dominicanos-fallecidos-en-colombia\/#article","isPartOf":{"@id":"https:\/\/can.mirex.gob.do\/consular\/montreal\/mirex-recibe-a-madres-de-dominicanos-fallecidos-en-colombia\/"},"author":{"name":"etanaka","@id":"https:\/\/can.mirex.gob.do\/consular\/montreal\/#\/schema\/person\/775ef64f3ad1a2b7f81bf7f364008b49"},"headline":"Mirex recibe a madres de dominicanos fallecidos en Colombia","datePublished":"2023-02-02T00:33:54+00:00","dateModified":"2023-02-13T15:04:21+00:00","mainEntityOfPage":{"@id":"https:\/\/can.mirex.gob.do\/consular\/montreal\/mirex-recibe-a-madres-de-dominicanos-fallecidos-en-colombia\/"},"wordCount":145,"publisher":{"@id":"https:\/\/can.mirex.gob.do\/consular\/montreal\/#organization"},"image":{"@id":"https:\/\/can.mirex.gob.do\/consular\/montreal\/mirex-recibe-a-madres-de-dominicanos-fallecidos-en-colombia\/#primaryimage"},"thumbnailUrl":"https:\/\/can.mirex.gob.do\/consular\/montreal\/wp-content\/uploads\/2023\/02\/FDC86B43-BF4D-4E0D-B37A-F19445B2C20A-1024x379-1.jpeg","articleSection":["Noticias"],"inLanguage":"en-US"},{"@type":"WebPage","@id":"https:\/\/can.mirex.gob.do\/consular\/montreal\/mirex-recibe-a-madres-de-dominicanos-fallecidos-en-colombia\/","url":"https:\/\/can.mirex.gob.do\/consular\/montreal\/mirex-recibe-a-madres-de-dominicanos-fallecidos-en-colombia\/","name":"Mirex recibe a madres de dominicanos fallecidos en Colombia - Consulado General de la Rep\u00fablica Dominicana en Montreal, Canad\u00e1","isPartOf":{"@id":"https:\/\/can.mirex.gob.do\/consular\/montreal\/#website"},"primaryImageOfPage":{"@id":"https:\/\/can.mirex.gob.do\/consular\/montreal\/mirex-recibe-a-madres-de-dominicanos-fallecidos-en-colombia\/#primaryimage"},"image":{"@id":"https:\/\/can.mirex.gob.do\/consular\/montreal\/mirex-recibe-a-madres-de-dominicanos-fallecidos-en-colombia\/#primaryimage"},"thumbnailUrl":"https:\/\/can.mirex.gob.do\/consular\/montreal\/wp-content\/uploads\/2023\/02\/FDC86B43-BF4D-4E0D-B37A-F19445B2C20A-1024x379-1.jpeg","datePublished":"2023-02-02T00:33:54+00:00","dateModified":"2023-02-13T15:04:21+00:00","breadcrumb":{"@id":"https:\/\/can.mirex.gob.do\/consular\/montreal\/mirex-recibe-a-madres-de-dominicanos-fallecidos-en-colombia\/#breadcrumb"},"inLanguage":"en-US","potentialAction":[{"@type":"ReadAction","target":["https:\/\/can.mirex.gob.do\/consular\/montreal\/mirex-recibe-a-madres-de-dominicanos-fallecidos-en-colombia\/"]}]},{"@type":"ImageObject","inLanguage":"en-US","@id":"https:\/\/can.mirex.gob.do\/consular\/montreal\/mirex-recibe-a-madres-de-dominicanos-fallecidos-en-colombia\/#primaryimage","url":"https:\/\/can.mirex.gob.do\/consular\/montreal\/wp-content\/uploads\/2023\/02\/FDC86B43-BF4D-4E0D-B37A-F19445B2C20A-1024x379-1.jpeg","contentUrl":"https:\/\/can.mirex.gob.do\/consular\/montreal\/wp-content\/uploads\/2023\/02\/FDC86B43-BF4D-4E0D-B37A-F19445B2C20A-1024x379-1.jpeg","width":1024,"height":379},{"@type":"BreadcrumbList","@id":"https:\/\/can.mirex.gob.do\/consular\/montreal\/mirex-recibe-a-madres-de-dominicanos-fallecidos-en-colombia\/#breadcrumb","itemListElement":[{"@type":"ListItem","position":1,"name":"Inicio","item":"https:\/\/can.mirex.gob.do\/consular\/montreal\/"},{"@type":"ListItem","position":2,"name":"Mirex recibe a madres de dominicanos fallecidos en Colombia"}]},{"@type":"WebSite","@id":"https:\/\/can.mirex.gob.do\/consular\/montreal\/#website","url":"https:\/\/can.mirex.gob.do\/consular\/montreal\/","name":"Consulado General de la Rep\u00fablica Dominicana en Montreal, Canad\u00e1","description":"","publisher":{"@id":"https:\/\/can.mirex.gob.do\/consular\/montreal\/#organization"},"potentialAction":[{"@type":"SearchAction","target":{"@type":"EntryPoint","urlTemplate":"https:\/\/can.mirex.gob.do\/consular\/montreal\/?s={search_term_string}"},"query-input":{"@type":"PropertyValueSpecification","valueRequired":true,"valueName":"search_term_string"}}],"inLanguage":"en-US"},{"@type":"Organization","@id":"https:\/\/can.mirex.gob.do\/consular\/montreal\/#organization","name":"Consulado General de la Rep\u00fablica Dominicana en Montreal, Canad\u00e1","url":"https:\/\/can.mirex.gob.do\/consular\/montreal\/","logo":{"@type":"ImageObject","inLanguage":"en-US","@id":"https:\/\/can.mirex.gob.do\/consular\/montreal\/#\/schema\/logo\/image\/","url":"https:\/\/can.mirex.gob.do\/consular\/montreal\/wp-content\/uploads\/2022\/04\/CONSULADO-Montreal-Canada-RD-04.png","contentUrl":"https:\/\/can.mirex.gob.do\/consular\/montreal\/wp-content\/uploads\/2022\/04\/CONSULADO-Montreal-Canada-RD-04.png","width":4163,"height":1788,"caption":"Consulado General de la Rep\u00fablica Dominicana en Montreal, Canad\u00e1"},"image":{"@id":"https:\/\/can.mirex.gob.do\/consular\/montreal\/#\/schema\/logo\/image\/"}},{"@type":"Person","@id":"https:\/\/can.mirex.gob.do\/consular\/montreal\/#\/schema\/person\/775ef64f3ad1a2b7f81bf7f364008b49","name":"etanaka","image":{"@type":"ImageObject","inLanguage":"en-US","@id":"https:\/\/secure.gravatar.com\/avatar\/abf4276b711ebf324ffb2e2969ae7d8232bb4192c4e0c72c537060fbe396ff16?s=96&d=mm&r=g","url":"https:\/\/secure.gravatar.com\/avatar\/abf4276b711ebf324ffb2e2969ae7d8232bb4192c4e0c72c537060fbe396ff16?s=96&d=mm&r=g","contentUrl":"https:\/\/secure.gravatar.com\/avatar\/abf4276b711ebf324ffb2e2969ae7d8232bb4192c4e0c72c537060fbe396ff16?s=96&d=mm&r=g","caption":"etanaka"},"sameAs":["https:\/\/etanaka.tk"]}]}},"_links":{"self":[{"href":"https:\/\/can.mirex.gob.do\/consular\/montreal\/wp-json\/wp\/v2\/posts\/6112","targetHints":{"allow":["GET"]}}],"collection":[{"href":"https:\/\/can.mirex.gob.do\/consular\/montreal\/wp-json\/wp\/v2\/posts"}],"about":[{"href":"https:\/\/can.mirex.gob.do\/consular\/montreal\/wp-json\/wp\/v2\/types\/post"}],"author":[{"embeddable":true,"href":"https:\/\/can.mirex.gob.do\/consular\/montreal\/wp-json\/wp\/v2\/users\/1"}],"replies":[{"embeddable":true,"href":"https:\/\/can.mirex.gob.do\/consular\/montreal\/wp-json\/wp\/v2\/comments?post=6112"}],"version-history":[{"count":1,"href":"https:\/\/can.mirex.gob.do\/consular\/montreal\/wp-json\/wp\/v2\/posts\/6112\/revisions"}],"predecessor-version":[{"id":6113,"href":"https:\/\/can.mirex.gob.do\/consular\/montreal\/wp-json\/wp\/v2\/posts\/6112\/revisions\/6113"}],"wp:featuredmedia":[{"embeddable":true,"href":"https:\/\/can.mirex.gob.do\/consular\/montreal\/wp-json\/wp\/v2\/media\/6114"}],"wp:attachment":[{"href":"https:\/\/can.mirex.gob.do\/consular\/montreal\/wp-json\/wp\/v2\/media?parent=6112"}],"wp:term":[{"taxonomy":"category","embeddable":true,"href":"https:\/\/can.mirex.gob.do\/consular\/montreal\/wp-json\/wp\/v2\/categories?post=6112"},{"taxonomy":"post_tag","embeddable":true,"href":"https:\/\/can.mirex.gob.do\/consular\/montreal\/wp-json\/wp\/v2\/tags?post=6112"}],"curies":[{"name":"wp","href":"https:\/\/api.w.org\/{rel}","templated":true}]}}