{"id":6109,"date":"2023-02-02T21:30:38","date_gmt":"2023-02-02T21:30:38","guid":{"rendered":"https:\/\/can.mirex.gob.do\/consular\/montreal\/?p=6109"},"modified":"2023-02-13T15:03:44","modified_gmt":"2023-02-13T15:03:44","slug":"canciller-roberto-alvarez-recibe-las-copias-de-estilo-de-las-cartas-credenciales-del-nuevo-embajador-de-corea","status":"publish","type":"post","link":"https:\/\/can.mirex.gob.do\/consular\/montreal\/canciller-roberto-alvarez-recibe-las-copias-de-estilo-de-las-cartas-credenciales-del-nuevo-embajador-de-corea\/","title":{"rendered":"Canciller Roberto \u00c1lvarez recibe las Copias de Estilo de las Cartas Credenciales del nuevo embajador de Corea"},"content":{"rendered":"<p class=\"s7\"><span class=\"s8\"><span class=\"bumpedFont15\">Santo Domingo de Guzm\u00e1n, Rep\u00fablica Dominicana<\/span><\/span><span class=\"s9\"><span class=\"bumpedFont15\">.- <\/span><\/span><span class=\"s9\"><span class=\"bumpedFont15\">El canciller Roberto <\/span><\/span><span class=\"s9\"><span class=\"bumpedFont15\">\u00c1lvarez<\/span><\/span><span class=\"s9\"><span class=\"bumpedFont15\"> recibi\u00f3 <\/span><\/span><span class=\"s9\"><span class=\"bumpedFont15\">este jueves <\/span><\/span><span class=\"s9\"><span class=\"bumpedFont15\">en su despacho<\/span><\/span><span class=\"s9\"><span class=\"bumpedFont15\">,<\/span><\/span> <span class=\"s9\"><span class=\"bumpedFont15\">las Copias de Estilo de las Cartas Credenciales del nuevo representante de la Rep\u00fablica de Corea <\/span><\/span><span class=\"s9\"><span class=\"bumpedFont15\">ante el Gobierno dominicano, <\/span><\/span><span class=\"s9\"><span class=\"bumpedFont15\">Sang Ryul Lee.<\/span><\/span><\/p>\n<p class=\"s7\"><span class=\"s9\"><span class=\"bumpedFont15\">El funcionario diplom\u00e1tico antes de ser designado en la Rep\u00fablica Dominicana como <\/span><\/span><span class=\"s9\"><span class=\"bumpedFont15\">representante de su gobierno en el<\/span><\/span><span class=\"s9\"><span class=\"bumpedFont15\">pa\u00eds<\/span><\/span><span class=\"s9\"><span class=\"bumpedFont15\">,<\/span><\/span><span class=\"s9\"><span class=\"bumpedFont15\"> se desempe\u00f1aba <\/span><\/span><span class=\"s9\"><span class=\"bumpedFont15\">como embajador <\/span><\/span><span class=\"s9\"><span class=\"bumpedFont15\">ante la Rep\u00fablica de Costa Marfil<\/span><\/span><span class=\"s9\"><span class=\"bumpedFont15\">,<\/span><\/span><span class=\"s9\"><span class=\"bumpedFont15\"> desde el<\/span><\/span><span class=\"s9\"><span class=\"bumpedFont15\"> a\u00f1o 2019.<\/span><\/span><\/p>\n<p class=\"s7\"><a name=\"_GoBack\"><\/a><span class=\"s9\"><span class=\"bumpedFont15\">El canciller \u00c1lvarez<\/span><\/span><span class=\"s9\"><span class=\"bumpedFont15\">,<\/span><\/span><span class=\"s9\"><span class=\"bumpedFont15\"> al recibir el documento oficial<\/span><\/span><span class=\"s9\"><span class=\"bumpedFont15\">, <\/span><\/span><span class=\"s9\"><span class=\"bumpedFont15\">procedi\u00f3 a darle la bienvenida al nuevo representante diplom\u00e1tico, luego, ambos conversaron sobre temas de inter\u00e9s com\u00fan para sus pa\u00edses.<\/span><\/span><\/p>\n<p class=\"s7\"><span class=\"s9\"><span class=\"bumpedFont15\">M\u00e1s adelante, el embajador presentar\u00e1 sus Cartas Credenciales al presidente de Rep\u00fablica Dominicana, Luis Abinader, para pasar formalmente a ejercer sus funciones diplom\u00e1ticas ante el Gobierno dominicano.<\/span><\/span><\/p>\n","protected":false},"excerpt":{"rendered":"<p>Santo Domingo de Guzm\u00e1n, Rep\u00fablica Dominicana.- El canciller Roberto \u00c1lvarez recibi\u00f3 este jueves en su despacho, las Copias de Estilo de las Cartas Credenciales del nuevo representante de la Rep\u00fablica de Corea ante el Gobierno dominicano, Sang Ryul Lee. El funcionario diplom\u00e1tico antes de ser designado en la Rep\u00fablica Dominicana como representante de su gobierno [&hellip;]<\/p>\n","protected":false},"author":1,"featured_media":6111,"comment_status":"closed","ping_status":"closed","sticky":false,"template":"","format":"standard","meta":{"site-sidebar-layout":"default","site-content-layout":"default","ast-site-content-layout":"default","site-content-style":"default","site-sidebar-style":"default","ast-global-header-display":"","ast-banner-title-visibility":"","ast-main-header-display":"","ast-hfb-above-header-display":"","ast-hfb-below-header-display":"","ast-hfb-mobile-header-display":"","site-post-title":"","ast-breadcrumbs-content":"","ast-featured-img":"","footer-sml-layout":"","ast-disable-related-posts":"","theme-transparent-header-meta":"default","adv-header-id-meta":"","stick-header-meta":"","header-above-stick-meta":"","header-main-stick-meta":"","header-below-stick-meta":"","astra-migrate-meta-layouts":"default","ast-page-background-enabled":"default","ast-page-background-meta":{"desktop":{"background-color":"","background-image":"","background-repeat":"repeat","background-position":"center center","background-size":"auto","background-attachment":"scroll","background-type":"","background-media":"","overlay-type":"","overlay-color":"","overlay-opacity":"","overlay-gradient":""},"tablet":{"background-color":"","background-image":"","background-repeat":"repeat","background-position":"center center","background-size":"auto","background-attachment":"scroll","background-type":"","background-media":"","overlay-type":"","overlay-color":"","overlay-opacity":"","overlay-gradient":""},"mobile":{"background-color":"","background-image":"","background-repeat":"repeat","background-position":"center center","background-size":"auto","background-attachment":"scroll","background-type":"","background-media":"","overlay-type":"","overlay-color":"","overlay-opacity":"","overlay-gradient":""}},"ast-content-background-meta":{"desktop":{"background-color":"var(--ast-global-color-5)","background-image":"","background-repeat":"repeat","background-position":"center center","background-size":"auto","background-attachment":"scroll","background-type":"","background-media":"","overlay-type":"","overlay-color":"","overlay-opacity":"","overlay-gradient":""},"tablet":{"background-color":"var(--ast-global-color-5)","background-image":"","background-repeat":"repeat","background-position":"center center","background-size":"auto","background-attachment":"scroll","background-type":"","background-media":"","overlay-type":"","overlay-color":"","overlay-opacity":"","overlay-gradient":""},"mobile":{"background-color":"var(--ast-global-color-5)","background-image":"","background-repeat":"repeat","background-position":"center center","background-size":"auto","background-attachment":"scroll","background-type":"","background-media":"","overlay-type":"","overlay-color":"","overlay-opacity":"","overlay-gradient":""}},"footnotes":""},"categories":[5],"tags":[],"class_list":["post-6109","post","type-post","status-publish","format-standard","has-post-thumbnail","hentry","category-noticias"],"yoast_head":"<!-- This site is optimized with the Yoast SEO plugin v27.5 - https:\/\/yoast.com\/product\/yoast-seo-wordpress\/ -->\n<title>Canciller Roberto \u00c1lvarez recibe las Copias de Estilo de las Cartas Credenciales del nuevo embajador de Corea - Consulado General de la Rep\u00fablica Dominicana en Montreal, Canad\u00e1<\/title>\n<meta name=\"robots\" content=\"index, follow, max-snippet:-1, max-image-preview:large, max-video-preview:-1\" \/>\n<link rel=\"canonical\" href=\"https:\/\/can.mirex.gob.do\/consular\/montreal\/canciller-roberto-alvarez-recibe-las-copias-de-estilo-de-las-cartas-credenciales-del-nuevo-embajador-de-corea\/\" \/>\n<meta property=\"og:locale\" content=\"en_US\" \/>\n<meta property=\"og:type\" content=\"article\" \/>\n<meta property=\"og:title\" content=\"Canciller Roberto \u00c1lvarez recibe las Copias de Estilo de las Cartas Credenciales del nuevo embajador de Corea - Consulado General de la Rep\u00fablica Dominicana en Montreal, Canad\u00e1\" \/>\n<meta property=\"og:description\" content=\"Santo Domingo de Guzm\u00e1n, Rep\u00fablica Dominicana.- El canciller Roberto \u00c1lvarez recibi\u00f3 este jueves en su despacho, las Copias de Estilo de las Cartas Credenciales del nuevo representante de la Rep\u00fablica de Corea ante el Gobierno dominicano, Sang Ryul Lee. El funcionario diplom\u00e1tico antes de ser designado en la Rep\u00fablica Dominicana como representante de su gobierno [&hellip;]\" \/>\n<meta property=\"og:url\" content=\"https:\/\/can.mirex.gob.do\/consular\/montreal\/canciller-roberto-alvarez-recibe-las-copias-de-estilo-de-las-cartas-credenciales-del-nuevo-embajador-de-corea\/\" \/>\n<meta property=\"og:site_name\" content=\"Consulado General de la Rep\u00fablica Dominicana en Montreal, Canad\u00e1\" \/>\n<meta property=\"article:published_time\" content=\"2023-02-02T21:30:38+00:00\" \/>\n<meta property=\"article:modified_time\" content=\"2023-02-13T15:03:44+00:00\" \/>\n<meta property=\"og:image\" content=\"https:\/\/can.mirex.gob.do\/consular\/montreal\/wp-content\/uploads\/2023\/02\/08342AAB-E1A3-48D9-BE9D-6FD9AF71D0EB-scaled.jpeg\" \/>\n\t<meta property=\"og:image:width\" content=\"2560\" \/>\n\t<meta property=\"og:image:height\" content=\"1971\" \/>\n\t<meta property=\"og:image:type\" content=\"image\/jpeg\" \/>\n<meta name=\"author\" content=\"etanaka\" \/>\n<meta name=\"twitter:card\" content=\"summary_large_image\" \/>\n<meta name=\"twitter:label1\" content=\"Written by\" \/>\n\t<meta name=\"twitter:data1\" content=\"etanaka\" \/>\n\t<meta name=\"twitter:label2\" content=\"Est. reading time\" \/>\n\t<meta name=\"twitter:data2\" content=\"1 minute\" \/>\n<script type=\"application\/ld+json\" class=\"yoast-schema-graph\">{\"@context\":\"https:\\\/\\\/schema.org\",\"@graph\":[{\"@type\":\"Article\",\"@id\":\"https:\\\/\\\/can.mirex.gob.do\\\/consular\\\/montreal\\\/canciller-roberto-alvarez-recibe-las-copias-de-estilo-de-las-cartas-credenciales-del-nuevo-embajador-de-corea\\\/#article\",\"isPartOf\":{\"@id\":\"https:\\\/\\\/can.mirex.gob.do\\\/consular\\\/montreal\\\/canciller-roberto-alvarez-recibe-las-copias-de-estilo-de-las-cartas-credenciales-del-nuevo-embajador-de-corea\\\/\"},\"author\":{\"name\":\"etanaka\",\"@id\":\"https:\\\/\\\/can.mirex.gob.do\\\/consular\\\/montreal\\\/#\\\/schema\\\/person\\\/775ef64f3ad1a2b7f81bf7f364008b49\"},\"headline\":\"Canciller Roberto \u00c1lvarez recibe las Copias de Estilo de las Cartas Credenciales del nuevo embajador de Corea\",\"datePublished\":\"2023-02-02T21:30:38+00:00\",\"dateModified\":\"2023-02-13T15:03:44+00:00\",\"mainEntityOfPage\":{\"@id\":\"https:\\\/\\\/can.mirex.gob.do\\\/consular\\\/montreal\\\/canciller-roberto-alvarez-recibe-las-copias-de-estilo-de-las-cartas-credenciales-del-nuevo-embajador-de-corea\\\/\"},\"wordCount\":160,\"publisher\":{\"@id\":\"https:\\\/\\\/can.mirex.gob.do\\\/consular\\\/montreal\\\/#organization\"},\"image\":{\"@id\":\"https:\\\/\\\/can.mirex.gob.do\\\/consular\\\/montreal\\\/canciller-roberto-alvarez-recibe-las-copias-de-estilo-de-las-cartas-credenciales-del-nuevo-embajador-de-corea\\\/#primaryimage\"},\"thumbnailUrl\":\"https:\\\/\\\/can.mirex.gob.do\\\/consular\\\/montreal\\\/wp-content\\\/uploads\\\/2023\\\/02\\\/08342AAB-E1A3-48D9-BE9D-6FD9AF71D0EB-scaled.jpeg\",\"articleSection\":[\"Noticias\"],\"inLanguage\":\"en-US\"},{\"@type\":\"WebPage\",\"@id\":\"https:\\\/\\\/can.mirex.gob.do\\\/consular\\\/montreal\\\/canciller-roberto-alvarez-recibe-las-copias-de-estilo-de-las-cartas-credenciales-del-nuevo-embajador-de-corea\\\/\",\"url\":\"https:\\\/\\\/can.mirex.gob.do\\\/consular\\\/montreal\\\/canciller-roberto-alvarez-recibe-las-copias-de-estilo-de-las-cartas-credenciales-del-nuevo-embajador-de-corea\\\/\",\"name\":\"Canciller Roberto \u00c1lvarez recibe las Copias de Estilo de las Cartas Credenciales del nuevo embajador de Corea - Consulado General de la Rep\u00fablica Dominicana en Montreal, Canad\u00e1\",\"isPartOf\":{\"@id\":\"https:\\\/\\\/can.mirex.gob.do\\\/consular\\\/montreal\\\/#website\"},\"primaryImageOfPage\":{\"@id\":\"https:\\\/\\\/can.mirex.gob.do\\\/consular\\\/montreal\\\/canciller-roberto-alvarez-recibe-las-copias-de-estilo-de-las-cartas-credenciales-del-nuevo-embajador-de-corea\\\/#primaryimage\"},\"image\":{\"@id\":\"https:\\\/\\\/can.mirex.gob.do\\\/consular\\\/montreal\\\/canciller-roberto-alvarez-recibe-las-copias-de-estilo-de-las-cartas-credenciales-del-nuevo-embajador-de-corea\\\/#primaryimage\"},\"thumbnailUrl\":\"https:\\\/\\\/can.mirex.gob.do\\\/consular\\\/montreal\\\/wp-content\\\/uploads\\\/2023\\\/02\\\/08342AAB-E1A3-48D9-BE9D-6FD9AF71D0EB-scaled.jpeg\",\"datePublished\":\"2023-02-02T21:30:38+00:00\",\"dateModified\":\"2023-02-13T15:03:44+00:00\",\"breadcrumb\":{\"@id\":\"https:\\\/\\\/can.mirex.gob.do\\\/consular\\\/montreal\\\/canciller-roberto-alvarez-recibe-las-copias-de-estilo-de-las-cartas-credenciales-del-nuevo-embajador-de-corea\\\/#breadcrumb\"},\"inLanguage\":\"en-US\",\"potentialAction\":[{\"@type\":\"ReadAction\",\"target\":[\"https:\\\/\\\/can.mirex.gob.do\\\/consular\\\/montreal\\\/canciller-roberto-alvarez-recibe-las-copias-de-estilo-de-las-cartas-credenciales-del-nuevo-embajador-de-corea\\\/\"]}]},{\"@type\":\"ImageObject\",\"inLanguage\":\"en-US\",\"@id\":\"https:\\\/\\\/can.mirex.gob.do\\\/consular\\\/montreal\\\/canciller-roberto-alvarez-recibe-las-copias-de-estilo-de-las-cartas-credenciales-del-nuevo-embajador-de-corea\\\/#primaryimage\",\"url\":\"https:\\\/\\\/can.mirex.gob.do\\\/consular\\\/montreal\\\/wp-content\\\/uploads\\\/2023\\\/02\\\/08342AAB-E1A3-48D9-BE9D-6FD9AF71D0EB-scaled.jpeg\",\"contentUrl\":\"https:\\\/\\\/can.mirex.gob.do\\\/consular\\\/montreal\\\/wp-content\\\/uploads\\\/2023\\\/02\\\/08342AAB-E1A3-48D9-BE9D-6FD9AF71D0EB-scaled.jpeg\",\"width\":2560,\"height\":1971},{\"@type\":\"BreadcrumbList\",\"@id\":\"https:\\\/\\\/can.mirex.gob.do\\\/consular\\\/montreal\\\/canciller-roberto-alvarez-recibe-las-copias-de-estilo-de-las-cartas-credenciales-del-nuevo-embajador-de-corea\\\/#breadcrumb\",\"itemListElement\":[{\"@type\":\"ListItem\",\"position\":1,\"name\":\"Inicio\",\"item\":\"https:\\\/\\\/can.mirex.gob.do\\\/consular\\\/montreal\\\/\"},{\"@type\":\"ListItem\",\"position\":2,\"name\":\"Canciller Roberto \u00c1lvarez recibe las Copias de Estilo de las Cartas Credenciales del nuevo embajador de Corea\"}]},{\"@type\":\"WebSite\",\"@id\":\"https:\\\/\\\/can.mirex.gob.do\\\/consular\\\/montreal\\\/#website\",\"url\":\"https:\\\/\\\/can.mirex.gob.do\\\/consular\\\/montreal\\\/\",\"name\":\"Consulado General de la Rep\u00fablica Dominicana en Montreal, Canad\u00e1\",\"description\":\"\",\"publisher\":{\"@id\":\"https:\\\/\\\/can.mirex.gob.do\\\/consular\\\/montreal\\\/#organization\"},\"potentialAction\":[{\"@type\":\"SearchAction\",\"target\":{\"@type\":\"EntryPoint\",\"urlTemplate\":\"https:\\\/\\\/can.mirex.gob.do\\\/consular\\\/montreal\\\/?s={search_term_string}\"},\"query-input\":{\"@type\":\"PropertyValueSpecification\",\"valueRequired\":true,\"valueName\":\"search_term_string\"}}],\"inLanguage\":\"en-US\"},{\"@type\":\"Organization\",\"@id\":\"https:\\\/\\\/can.mirex.gob.do\\\/consular\\\/montreal\\\/#organization\",\"name\":\"Consulado General de la Rep\u00fablica Dominicana en Montreal, Canad\u00e1\",\"url\":\"https:\\\/\\\/can.mirex.gob.do\\\/consular\\\/montreal\\\/\",\"logo\":{\"@type\":\"ImageObject\",\"inLanguage\":\"en-US\",\"@id\":\"https:\\\/\\\/can.mirex.gob.do\\\/consular\\\/montreal\\\/#\\\/schema\\\/logo\\\/image\\\/\",\"url\":\"https:\\\/\\\/can.mirex.gob.do\\\/consular\\\/montreal\\\/wp-content\\\/uploads\\\/2022\\\/04\\\/CONSULADO-Montreal-Canada-RD-04.png\",\"contentUrl\":\"https:\\\/\\\/can.mirex.gob.do\\\/consular\\\/montreal\\\/wp-content\\\/uploads\\\/2022\\\/04\\\/CONSULADO-Montreal-Canada-RD-04.png\",\"width\":4163,\"height\":1788,\"caption\":\"Consulado General de la Rep\u00fablica Dominicana en Montreal, Canad\u00e1\"},\"image\":{\"@id\":\"https:\\\/\\\/can.mirex.gob.do\\\/consular\\\/montreal\\\/#\\\/schema\\\/logo\\\/image\\\/\"}},{\"@type\":\"Person\",\"@id\":\"https:\\\/\\\/can.mirex.gob.do\\\/consular\\\/montreal\\\/#\\\/schema\\\/person\\\/775ef64f3ad1a2b7f81bf7f364008b49\",\"name\":\"etanaka\",\"image\":{\"@type\":\"ImageObject\",\"inLanguage\":\"en-US\",\"@id\":\"https:\\\/\\\/secure.gravatar.com\\\/avatar\\\/abf4276b711ebf324ffb2e2969ae7d8232bb4192c4e0c72c537060fbe396ff16?s=96&d=mm&r=g\",\"url\":\"https:\\\/\\\/secure.gravatar.com\\\/avatar\\\/abf4276b711ebf324ffb2e2969ae7d8232bb4192c4e0c72c537060fbe396ff16?s=96&d=mm&r=g\",\"contentUrl\":\"https:\\\/\\\/secure.gravatar.com\\\/avatar\\\/abf4276b711ebf324ffb2e2969ae7d8232bb4192c4e0c72c537060fbe396ff16?s=96&d=mm&r=g\",\"caption\":\"etanaka\"},\"sameAs\":[\"https:\\\/\\\/etanaka.tk\"]}]}<\/script>\n<!-- \/ Yoast SEO plugin. -->","yoast_head_json":{"title":"Canciller Roberto \u00c1lvarez recibe las Copias de Estilo de las Cartas Credenciales del nuevo embajador de Corea - Consulado General de la Rep\u00fablica Dominicana en Montreal, Canad\u00e1","robots":{"index":"index","follow":"follow","max-snippet":"max-snippet:-1","max-image-preview":"max-image-preview:large","max-video-preview":"max-video-preview:-1"},"canonical":"https:\/\/can.mirex.gob.do\/consular\/montreal\/canciller-roberto-alvarez-recibe-las-copias-de-estilo-de-las-cartas-credenciales-del-nuevo-embajador-de-corea\/","og_locale":"en_US","og_type":"article","og_title":"Canciller Roberto \u00c1lvarez recibe las Copias de Estilo de las Cartas Credenciales del nuevo embajador de Corea - Consulado General de la Rep\u00fablica Dominicana en Montreal, Canad\u00e1","og_description":"Santo Domingo de Guzm\u00e1n, Rep\u00fablica Dominicana.- El canciller Roberto \u00c1lvarez recibi\u00f3 este jueves en su despacho, las Copias de Estilo de las Cartas Credenciales del nuevo representante de la Rep\u00fablica de Corea ante el Gobierno dominicano, Sang Ryul Lee. El funcionario diplom\u00e1tico antes de ser designado en la Rep\u00fablica Dominicana como representante de su gobierno [&hellip;]","og_url":"https:\/\/can.mirex.gob.do\/consular\/montreal\/canciller-roberto-alvarez-recibe-las-copias-de-estilo-de-las-cartas-credenciales-del-nuevo-embajador-de-corea\/","og_site_name":"Consulado General de la Rep\u00fablica Dominicana en Montreal, Canad\u00e1","article_published_time":"2023-02-02T21:30:38+00:00","article_modified_time":"2023-02-13T15:03:44+00:00","og_image":[{"width":2560,"height":1971,"url":"https:\/\/can.mirex.gob.do\/consular\/montreal\/wp-content\/uploads\/2023\/02\/08342AAB-E1A3-48D9-BE9D-6FD9AF71D0EB-scaled.jpeg","type":"image\/jpeg"}],"author":"etanaka","twitter_card":"summary_large_image","twitter_misc":{"Written by":"etanaka","Est. reading time":"1 minute"},"schema":{"@context":"https:\/\/schema.org","@graph":[{"@type":"Article","@id":"https:\/\/can.mirex.gob.do\/consular\/montreal\/canciller-roberto-alvarez-recibe-las-copias-de-estilo-de-las-cartas-credenciales-del-nuevo-embajador-de-corea\/#article","isPartOf":{"@id":"https:\/\/can.mirex.gob.do\/consular\/montreal\/canciller-roberto-alvarez-recibe-las-copias-de-estilo-de-las-cartas-credenciales-del-nuevo-embajador-de-corea\/"},"author":{"name":"etanaka","@id":"https:\/\/can.mirex.gob.do\/consular\/montreal\/#\/schema\/person\/775ef64f3ad1a2b7f81bf7f364008b49"},"headline":"Canciller Roberto \u00c1lvarez recibe las Copias de Estilo de las Cartas Credenciales del nuevo embajador de Corea","datePublished":"2023-02-02T21:30:38+00:00","dateModified":"2023-02-13T15:03:44+00:00","mainEntityOfPage":{"@id":"https:\/\/can.mirex.gob.do\/consular\/montreal\/canciller-roberto-alvarez-recibe-las-copias-de-estilo-de-las-cartas-credenciales-del-nuevo-embajador-de-corea\/"},"wordCount":160,"publisher":{"@id":"https:\/\/can.mirex.gob.do\/consular\/montreal\/#organization"},"image":{"@id":"https:\/\/can.mirex.gob.do\/consular\/montreal\/canciller-roberto-alvarez-recibe-las-copias-de-estilo-de-las-cartas-credenciales-del-nuevo-embajador-de-corea\/#primaryimage"},"thumbnailUrl":"https:\/\/can.mirex.gob.do\/consular\/montreal\/wp-content\/uploads\/2023\/02\/08342AAB-E1A3-48D9-BE9D-6FD9AF71D0EB-scaled.jpeg","articleSection":["Noticias"],"inLanguage":"en-US"},{"@type":"WebPage","@id":"https:\/\/can.mirex.gob.do\/consular\/montreal\/canciller-roberto-alvarez-recibe-las-copias-de-estilo-de-las-cartas-credenciales-del-nuevo-embajador-de-corea\/","url":"https:\/\/can.mirex.gob.do\/consular\/montreal\/canciller-roberto-alvarez-recibe-las-copias-de-estilo-de-las-cartas-credenciales-del-nuevo-embajador-de-corea\/","name":"Canciller Roberto \u00c1lvarez recibe las Copias de Estilo de las Cartas Credenciales del nuevo embajador de Corea - Consulado General de la Rep\u00fablica Dominicana en Montreal, Canad\u00e1","isPartOf":{"@id":"https:\/\/can.mirex.gob.do\/consular\/montreal\/#website"},"primaryImageOfPage":{"@id":"https:\/\/can.mirex.gob.do\/consular\/montreal\/canciller-roberto-alvarez-recibe-las-copias-de-estilo-de-las-cartas-credenciales-del-nuevo-embajador-de-corea\/#primaryimage"},"image":{"@id":"https:\/\/can.mirex.gob.do\/consular\/montreal\/canciller-roberto-alvarez-recibe-las-copias-de-estilo-de-las-cartas-credenciales-del-nuevo-embajador-de-corea\/#primaryimage"},"thumbnailUrl":"https:\/\/can.mirex.gob.do\/consular\/montreal\/wp-content\/uploads\/2023\/02\/08342AAB-E1A3-48D9-BE9D-6FD9AF71D0EB-scaled.jpeg","datePublished":"2023-02-02T21:30:38+00:00","dateModified":"2023-02-13T15:03:44+00:00","breadcrumb":{"@id":"https:\/\/can.mirex.gob.do\/consular\/montreal\/canciller-roberto-alvarez-recibe-las-copias-de-estilo-de-las-cartas-credenciales-del-nuevo-embajador-de-corea\/#breadcrumb"},"inLanguage":"en-US","potentialAction":[{"@type":"ReadAction","target":["https:\/\/can.mirex.gob.do\/consular\/montreal\/canciller-roberto-alvarez-recibe-las-copias-de-estilo-de-las-cartas-credenciales-del-nuevo-embajador-de-corea\/"]}]},{"@type":"ImageObject","inLanguage":"en-US","@id":"https:\/\/can.mirex.gob.do\/consular\/montreal\/canciller-roberto-alvarez-recibe-las-copias-de-estilo-de-las-cartas-credenciales-del-nuevo-embajador-de-corea\/#primaryimage","url":"https:\/\/can.mirex.gob.do\/consular\/montreal\/wp-content\/uploads\/2023\/02\/08342AAB-E1A3-48D9-BE9D-6FD9AF71D0EB-scaled.jpeg","contentUrl":"https:\/\/can.mirex.gob.do\/consular\/montreal\/wp-content\/uploads\/2023\/02\/08342AAB-E1A3-48D9-BE9D-6FD9AF71D0EB-scaled.jpeg","width":2560,"height":1971},{"@type":"BreadcrumbList","@id":"https:\/\/can.mirex.gob.do\/consular\/montreal\/canciller-roberto-alvarez-recibe-las-copias-de-estilo-de-las-cartas-credenciales-del-nuevo-embajador-de-corea\/#breadcrumb","itemListElement":[{"@type":"ListItem","position":1,"name":"Inicio","item":"https:\/\/can.mirex.gob.do\/consular\/montreal\/"},{"@type":"ListItem","position":2,"name":"Canciller Roberto \u00c1lvarez recibe las Copias de Estilo de las Cartas Credenciales del nuevo embajador de Corea"}]},{"@type":"WebSite","@id":"https:\/\/can.mirex.gob.do\/consular\/montreal\/#website","url":"https:\/\/can.mirex.gob.do\/consular\/montreal\/","name":"Consulado General de la Rep\u00fablica Dominicana en Montreal, Canad\u00e1","description":"","publisher":{"@id":"https:\/\/can.mirex.gob.do\/consular\/montreal\/#organization"},"potentialAction":[{"@type":"SearchAction","target":{"@type":"EntryPoint","urlTemplate":"https:\/\/can.mirex.gob.do\/consular\/montreal\/?s={search_term_string}"},"query-input":{"@type":"PropertyValueSpecification","valueRequired":true,"valueName":"search_term_string"}}],"inLanguage":"en-US"},{"@type":"Organization","@id":"https:\/\/can.mirex.gob.do\/consular\/montreal\/#organization","name":"Consulado General de la Rep\u00fablica Dominicana en Montreal, Canad\u00e1","url":"https:\/\/can.mirex.gob.do\/consular\/montreal\/","logo":{"@type":"ImageObject","inLanguage":"en-US","@id":"https:\/\/can.mirex.gob.do\/consular\/montreal\/#\/schema\/logo\/image\/","url":"https:\/\/can.mirex.gob.do\/consular\/montreal\/wp-content\/uploads\/2022\/04\/CONSULADO-Montreal-Canada-RD-04.png","contentUrl":"https:\/\/can.mirex.gob.do\/consular\/montreal\/wp-content\/uploads\/2022\/04\/CONSULADO-Montreal-Canada-RD-04.png","width":4163,"height":1788,"caption":"Consulado General de la Rep\u00fablica Dominicana en Montreal, Canad\u00e1"},"image":{"@id":"https:\/\/can.mirex.gob.do\/consular\/montreal\/#\/schema\/logo\/image\/"}},{"@type":"Person","@id":"https:\/\/can.mirex.gob.do\/consular\/montreal\/#\/schema\/person\/775ef64f3ad1a2b7f81bf7f364008b49","name":"etanaka","image":{"@type":"ImageObject","inLanguage":"en-US","@id":"https:\/\/secure.gravatar.com\/avatar\/abf4276b711ebf324ffb2e2969ae7d8232bb4192c4e0c72c537060fbe396ff16?s=96&d=mm&r=g","url":"https:\/\/secure.gravatar.com\/avatar\/abf4276b711ebf324ffb2e2969ae7d8232bb4192c4e0c72c537060fbe396ff16?s=96&d=mm&r=g","contentUrl":"https:\/\/secure.gravatar.com\/avatar\/abf4276b711ebf324ffb2e2969ae7d8232bb4192c4e0c72c537060fbe396ff16?s=96&d=mm&r=g","caption":"etanaka"},"sameAs":["https:\/\/etanaka.tk"]}]}},"_links":{"self":[{"href":"https:\/\/can.mirex.gob.do\/consular\/montreal\/wp-json\/wp\/v2\/posts\/6109","targetHints":{"allow":["GET"]}}],"collection":[{"href":"https:\/\/can.mirex.gob.do\/consular\/montreal\/wp-json\/wp\/v2\/posts"}],"about":[{"href":"https:\/\/can.mirex.gob.do\/consular\/montreal\/wp-json\/wp\/v2\/types\/post"}],"author":[{"embeddable":true,"href":"https:\/\/can.mirex.gob.do\/consular\/montreal\/wp-json\/wp\/v2\/users\/1"}],"replies":[{"embeddable":true,"href":"https:\/\/can.mirex.gob.do\/consular\/montreal\/wp-json\/wp\/v2\/comments?post=6109"}],"version-history":[{"count":1,"href":"https:\/\/can.mirex.gob.do\/consular\/montreal\/wp-json\/wp\/v2\/posts\/6109\/revisions"}],"predecessor-version":[{"id":6110,"href":"https:\/\/can.mirex.gob.do\/consular\/montreal\/wp-json\/wp\/v2\/posts\/6109\/revisions\/6110"}],"wp:featuredmedia":[{"embeddable":true,"href":"https:\/\/can.mirex.gob.do\/consular\/montreal\/wp-json\/wp\/v2\/media\/6111"}],"wp:attachment":[{"href":"https:\/\/can.mirex.gob.do\/consular\/montreal\/wp-json\/wp\/v2\/media?parent=6109"}],"wp:term":[{"taxonomy":"category","embeddable":true,"href":"https:\/\/can.mirex.gob.do\/consular\/montreal\/wp-json\/wp\/v2\/categories?post=6109"},{"taxonomy":"post_tag","embeddable":true,"href":"https:\/\/can.mirex.gob.do\/consular\/montreal\/wp-json\/wp\/v2\/tags?post=6109"}],"curies":[{"name":"wp","href":"https:\/\/api.w.org\/{rel}","templated":true}]}}